{"id":253,"date":"2016-03-23T21:15:26","date_gmt":"2016-03-23T21:15:26","guid":{"rendered":"https:\/\/laguaguamusical.com\/laguaguamusical_new\/wp\/?p=253"},"modified":"2016-03-26T22:03:31","modified_gmt":"2016-03-26T22:03:31","slug":"omega-el-fuerte-nuevos-cargos-se-le-acusa-de-violencia-de-genero-seduccion-abuso-sicologico-y-sexual","status":"publish","type":"post","link":"https:\/\/laguaguamusical.com\/laguaguamusical_new\/wp\/2016\/03\/23\/omega-el-fuerte-nuevos-cargos-se-le-acusa-de-violencia-de-genero-seduccion-abuso-sicologico-y-sexual\/?c=78901","title":{"rendered":"Omega \u201cEl Fuerte\u201d Nuevos Cargos, se le acusa de violencia de g\u00e9nero, seducci\u00f3n, abuso sicol\u00f3gico y sexual"},"content":{"rendered":"<p><img loading=\"lazy\" decoding=\"async\" class=\"aligncenter size-full wp-image-254\" src=\"https:\/\/laguaguamusical.com\/laguaguamusical_new\/wp\/wp-content\/uploads\/2016\/03\/Omega-el-fuerte.jpg\" alt=\"Omega el fuerte\" width=\"693\" height=\"370\" srcset=\"https:\/\/laguaguamusical.com\/laguaguamusical_new\/wp\/wp-content\/uploads\/2016\/03\/Omega-el-fuerte.jpg 693w, https:\/\/laguaguamusical.com\/laguaguamusical_new\/wp\/wp-content\/uploads\/2016\/03\/Omega-el-fuerte-300x160.jpg 300w\" sizes=\"(max-width: 693px) 100vw, 693px\" \/><\/p>\n<p style=\"text-align: justify;\">La Fiscal\u00eda del Distrito Nacional, a trav\u00e9s de la Unidad de Prevenci\u00f3n y Persecuci\u00f3n de la Violencia de Genero, Intrafamiliar y Delitos Sexuales, solicit\u00f3 prisi\u00f3n preventiva como medida de coerci\u00f3n en contra de Antonio Peter de la Rosa, mejor conocido como Omega, imputado de violencia de g\u00e9nero, intrafamiliar, seducci\u00f3n, abuso sicol\u00f3gico y sexual, en perjuicio de su expareja, Sahira Valerio, de 20 a\u00f1os de edad.<\/p>\n<p style=\"text-align: justify;\">Un comunicado de prensa de la Fiscal\u00eda del Distrito Nacional, indica que \u201cdesde hace varios meses el imputado ha estado agrediendo a su expareja y amenaz\u00e1ndola con hacerle da\u00f1o a su familia. La instancia de imputaci\u00f3n narra que en enero del presente a\u00f1o en la caba\u00f1a La Uni, ubicada en la avenida 30 de Mayo, kil\u00f3metro 12, Distrito Nacional, el imputado le propin\u00f3 m\u00faltiples golpes a la v\u00edctima y la oblig\u00f3 a sostener relaciones sexuales en contra de su voluntad\u201d.<\/p>\n<p style=\"text-align: justify;\">\u00a8Comenz\u00f3 reclamarme por una supuesta infidelidad, manifest\u00e1ndole que ella lo estaba desafinando, rompiendo sus reglas, ah\u00ed, de manera despiadada, la golpeaba d\u00e1ndole trompadas en las costillas, mordidas por la espalda, le halaba los cabellos y la estrellaba en la cama y el piso\u201d, detalla el Misterio P\u00fablico.<\/p>\n<p style=\"text-align: justify;\">En virtud de la situaci\u00f3n el imputado no dejaba sola a la v\u00edctima en ning\u00fan momento para evitar que interpusiera una denuncia en su contra. El escrito de solicitud de medida de coerci\u00f3n manifiesta que en una ocasi\u00f3n la v\u00edctima aprovech\u00f3 un descuido de los que la vigilaban y se escap\u00f3 del lugar, buscando a su hijo y huyendo hacia donde su familia en Santiago, recibiendo ayuda y procediendo a denunciar.<\/p>\n<p style=\"text-align: justify;\">Ten\u00edan una relaci\u00f3n de cuatro a\u00f1os, en los cuales procrearon un hijo, en la actualidad tienen aproximadamente un mes separados, desde el momento en que la v\u00edctima logr\u00f3 escapar.<\/p>\n<p style=\"text-align: justify;\">El Ministerio P\u00fablico ha otorgado la calificaci\u00f3n jur\u00eddica de violaci\u00f3n a los art\u00edculos 309-1, 309-2, 309-3 literales d y e, y 355 del C\u00f3digo Penal Dominicano, modificado por la Ley No. 24-97, art\u00edculo 396 literales b y c de la Ley 136-03, del C\u00f3digo para el Sistema de Protecci\u00f3n y los Derechos Fundamentales de Ni\u00f1os, Ni\u00f1as y Adolescentes.<\/p>\n","protected":false},"excerpt":{"rendered":"<p>La Fiscal\u00eda del Distrito Nacional, a trav\u00e9s de la Unidad de Prevenci\u00f3n y Persecuci\u00f3n de la Violencia de Genero, Intrafamiliar&#46;&#46;&#46;<\/p>\n","protected":false},"author":1,"featured_media":254,"comment_status":"closed","ping_status":"open","sticky":false,"template":"","format":"standard","meta":{"footnotes":""},"categories":[1],"tags":[],"yoast_head":"<!-- This site is optimized with the Yoast SEO plugin v21.9.1 - https:\/\/yoast.com\/wordpress\/plugins\/seo\/ -->\n<title>Omega \u201cEl Fuerte\u201d Nuevos Cargos, se le acusa de violencia de g\u00e9nero, seducci\u00f3n, abuso sicol\u00f3gico y sexual - La Guagua Musical<\/title>\n<meta name=\"description\" content=\"La Fiscal\u00eda del Distrito Nacional, a trav\u00e9s de la Unidad de Prevenci\u00f3n y Persecuci\u00f3n de la Violencia de Genero, Intrafamiliar y Delitos Sexuales, solicit\u00f3\" \/>\n<meta name=\"robots\" content=\"index, follow, max-snippet:-1, max-image-preview:large, max-video-preview:-1\" \/>\n<link rel=\"canonical\" href=\"https:\/\/laguaguamusical.com\/laguaguamusical_new\/wp\/2016\/03\/23\/omega-el-fuerte-nuevos-cargos-se-le-acusa-de-violencia-de-genero-seduccion-abuso-sicologico-y-sexual\/?c=78901\" \/>\n<meta property=\"og:locale\" content=\"es_ES\" \/>\n<meta property=\"og:type\" content=\"article\" \/>\n<meta property=\"og:title\" content=\"Omega \u201cEl Fuerte\u201d Nuevos Cargos, se le acusa de violencia de g\u00e9nero, seducci\u00f3n, abuso sicol\u00f3gico y sexual - La Guagua Musical\" \/>\n<meta property=\"og:description\" content=\"La Fiscal\u00eda del Distrito Nacional, a trav\u00e9s de la Unidad de Prevenci\u00f3n y Persecuci\u00f3n de la Violencia de Genero, Intrafamiliar y Delitos Sexuales, solicit\u00f3\" \/>\n<meta property=\"og:url\" content=\"https:\/\/laguaguamusical.com\/laguaguamusical_new\/wp\/2016\/03\/23\/omega-el-fuerte-nuevos-cargos-se-le-acusa-de-violencia-de-genero-seduccion-abuso-sicologico-y-sexual\/?c=78901\" \/>\n<meta property=\"og:site_name\" content=\"La Guagua Musical\" \/>\n<meta property=\"article:publisher\" content=\"https:\/\/www.facebook.com\/laguaguamusical\/\" \/>\n<meta property=\"article:published_time\" content=\"2016-03-23T21:15:26+00:00\" \/>\n<meta property=\"article:modified_time\" content=\"2016-03-26T22:03:31+00:00\" \/>\n<meta property=\"og:image\" content=\"https:\/\/laguaguamusical.com\/laguaguamusical_new\/wp\/wp-content\/uploads\/2016\/03\/Omega-el-fuerte.jpg\" \/>\n\t<meta property=\"og:image:width\" content=\"693\" \/>\n\t<meta property=\"og:image:height\" content=\"370\" \/>\n\t<meta property=\"og:image:type\" content=\"image\/jpeg\" \/>\n<meta name=\"author\" content=\"La Guagua Musical\" \/>\n<meta name=\"twitter:card\" content=\"summary_large_image\" \/>\n<meta name=\"twitter:label1\" content=\"Escrito por\" \/>\n\t<meta name=\"twitter:data1\" content=\"La Guagua Musical\" \/>\n\t<meta name=\"twitter:label2\" content=\"Tiempo de lectura\" \/>\n\t<meta name=\"twitter:data2\" content=\"2 minutos\" \/>\n<script type=\"application\/ld+json\" class=\"yoast-schema-graph\">{\"@context\":\"https:\/\/schema.org\",\"@graph\":[{\"@type\":\"WebPage\",\"@id\":\"https:\/\/laguaguamusical.com\/laguaguamusical_new\/wp\/2016\/03\/23\/omega-el-fuerte-nuevos-cargos-se-le-acusa-de-violencia-de-genero-seduccion-abuso-sicologico-y-sexual\/?c=78901\",\"url\":\"https:\/\/laguaguamusical.com\/laguaguamusical_new\/wp\/2016\/03\/23\/omega-el-fuerte-nuevos-cargos-se-le-acusa-de-violencia-de-genero-seduccion-abuso-sicologico-y-sexual\/?c=78901\",\"name\":\"Omega \u201cEl Fuerte\u201d Nuevos Cargos, se le acusa de violencia de g\u00e9nero, seducci\u00f3n, abuso sicol\u00f3gico y sexual - La Guagua Musical\",\"isPartOf\":{\"@id\":\"https:\/\/laguaguamusical.com\/laguaguamusical_new\/wp\/#website\"},\"datePublished\":\"2016-03-23T21:15:26+00:00\",\"dateModified\":\"2016-03-26T22:03:31+00:00\",\"author\":{\"@id\":\"https:\/\/laguaguamusical.com\/laguaguamusical_new\/wp\/#\/schema\/person\/7bf48ae42a7dab7ddad2cf691687b0f3\"},\"description\":\"La Fiscal\u00eda del Distrito Nacional, a trav\u00e9s de la Unidad de Prevenci\u00f3n y Persecuci\u00f3n de la Violencia de Genero, Intrafamiliar y Delitos Sexuales, solicit\u00f3\",\"breadcrumb\":{\"@id\":\"https:\/\/laguaguamusical.com\/laguaguamusical_new\/wp\/2016\/03\/23\/omega-el-fuerte-nuevos-cargos-se-le-acusa-de-violencia-de-genero-seduccion-abuso-sicologico-y-sexual\/?c=78901#breadcrumb\"},\"inLanguage\":\"es\",\"potentialAction\":[{\"@type\":\"ReadAction\",\"target\":[\"https:\/\/laguaguamusical.com\/laguaguamusical_new\/wp\/2016\/03\/23\/omega-el-fuerte-nuevos-cargos-se-le-acusa-de-violencia-de-genero-seduccion-abuso-sicologico-y-sexual\/?c=78901\"]}]},{\"@type\":\"BreadcrumbList\",\"@id\":\"https:\/\/laguaguamusical.com\/laguaguamusical_new\/wp\/2016\/03\/23\/omega-el-fuerte-nuevos-cargos-se-le-acusa-de-violencia-de-genero-seduccion-abuso-sicologico-y-sexual\/?c=78901#breadcrumb\",\"itemListElement\":[{\"@type\":\"ListItem\",\"position\":1,\"name\":\"Portada\",\"item\":\"https:\/\/laguaguamusical.com\/laguaguamusical_new\/wp\"},{\"@type\":\"ListItem\",\"position\":2,\"name\":\"Omega \u201cEl Fuerte\u201d Nuevos Cargos, se le acusa de violencia de g\u00e9nero, seducci\u00f3n, abuso sicol\u00f3gico y sexual\"}]},{\"@type\":\"WebSite\",\"@id\":\"https:\/\/laguaguamusical.com\/laguaguamusical_new\/wp\/#website\",\"url\":\"https:\/\/laguaguamusical.com\/laguaguamusical_new\/wp\/\",\"name\":\"La Guagua Musical\",\"description\":\"La mejor m\u00fasica 24\/7\",\"potentialAction\":[{\"@type\":\"SearchAction\",\"target\":{\"@type\":\"EntryPoint\",\"urlTemplate\":\"https:\/\/laguaguamusical.com\/laguaguamusical_new\/wp\/?s={search_term_string}\"},\"query-input\":\"required name=search_term_string\"}],\"inLanguage\":\"es\"},{\"@type\":\"Person\",\"@id\":\"https:\/\/laguaguamusical.com\/laguaguamusical_new\/wp\/#\/schema\/person\/7bf48ae42a7dab7ddad2cf691687b0f3\",\"name\":\"La Guagua Musical\",\"image\":{\"@type\":\"ImageObject\",\"inLanguage\":\"es\",\"@id\":\"https:\/\/laguaguamusical.com\/laguaguamusical_new\/wp\/#\/schema\/person\/image\/\",\"url\":\"https:\/\/secure.gravatar.com\/avatar\/e08394ba3fb4b83c7bb1669ccbceb200?s=96&d=mm&r=g\",\"contentUrl\":\"https:\/\/secure.gravatar.com\/avatar\/e08394ba3fb4b83c7bb1669ccbceb200?s=96&d=mm&r=g\",\"caption\":\"La Guagua Musical\"},\"url\":\"https:\/\/laguaguamusical.com\/laguaguamusical_new\/wp\/author\/laguaguamusical\"}]}<\/script>\n<!-- \/ Yoast SEO plugin. -->","yoast_head_json":{"title":"Omega \u201cEl Fuerte\u201d Nuevos Cargos, se le acusa de violencia de g\u00e9nero, seducci\u00f3n, abuso sicol\u00f3gico y sexual - La Guagua Musical","description":"La Fiscal\u00eda del Distrito Nacional, a trav\u00e9s de la Unidad de Prevenci\u00f3n y Persecuci\u00f3n de la Violencia de Genero, Intrafamiliar y Delitos Sexuales, solicit\u00f3","robots":{"index":"index","follow":"follow","max-snippet":"max-snippet:-1","max-image-preview":"max-image-preview:large","max-video-preview":"max-video-preview:-1"},"canonical":"https:\/\/laguaguamusical.com\/laguaguamusical_new\/wp\/2016\/03\/23\/omega-el-fuerte-nuevos-cargos-se-le-acusa-de-violencia-de-genero-seduccion-abuso-sicologico-y-sexual\/?c=78901","og_locale":"es_ES","og_type":"article","og_title":"Omega \u201cEl Fuerte\u201d Nuevos Cargos, se le acusa de violencia de g\u00e9nero, seducci\u00f3n, abuso sicol\u00f3gico y sexual - La Guagua Musical","og_description":"La Fiscal\u00eda del Distrito Nacional, a trav\u00e9s de la Unidad de Prevenci\u00f3n y Persecuci\u00f3n de la Violencia de Genero, Intrafamiliar y Delitos Sexuales, solicit\u00f3","og_url":"https:\/\/laguaguamusical.com\/laguaguamusical_new\/wp\/2016\/03\/23\/omega-el-fuerte-nuevos-cargos-se-le-acusa-de-violencia-de-genero-seduccion-abuso-sicologico-y-sexual\/?c=78901","og_site_name":"La Guagua Musical","article_publisher":"https:\/\/www.facebook.com\/laguaguamusical\/","article_published_time":"2016-03-23T21:15:26+00:00","article_modified_time":"2016-03-26T22:03:31+00:00","og_image":[{"width":693,"height":370,"url":"https:\/\/laguaguamusical.com\/laguaguamusical_new\/wp\/wp-content\/uploads\/2016\/03\/Omega-el-fuerte.jpg","type":"image\/jpeg"}],"author":"La Guagua Musical","twitter_card":"summary_large_image","twitter_misc":{"Escrito por":"La Guagua Musical","Tiempo de lectura":"2 minutos"},"schema":{"@context":"https:\/\/schema.org","@graph":[{"@type":"WebPage","@id":"https:\/\/laguaguamusical.com\/laguaguamusical_new\/wp\/2016\/03\/23\/omega-el-fuerte-nuevos-cargos-se-le-acusa-de-violencia-de-genero-seduccion-abuso-sicologico-y-sexual\/?c=78901","url":"https:\/\/laguaguamusical.com\/laguaguamusical_new\/wp\/2016\/03\/23\/omega-el-fuerte-nuevos-cargos-se-le-acusa-de-violencia-de-genero-seduccion-abuso-sicologico-y-sexual\/?c=78901","name":"Omega \u201cEl Fuerte\u201d Nuevos Cargos, se le acusa de violencia de g\u00e9nero, seducci\u00f3n, abuso sicol\u00f3gico y sexual - La Guagua Musical","isPartOf":{"@id":"https:\/\/laguaguamusical.com\/laguaguamusical_new\/wp\/#website"},"datePublished":"2016-03-23T21:15:26+00:00","dateModified":"2016-03-26T22:03:31+00:00","author":{"@id":"https:\/\/laguaguamusical.com\/laguaguamusical_new\/wp\/#\/schema\/person\/7bf48ae42a7dab7ddad2cf691687b0f3"},"description":"La Fiscal\u00eda del Distrito Nacional, a trav\u00e9s de la Unidad de Prevenci\u00f3n y Persecuci\u00f3n de la Violencia de Genero, Intrafamiliar y Delitos Sexuales, solicit\u00f3","breadcrumb":{"@id":"https:\/\/laguaguamusical.com\/laguaguamusical_new\/wp\/2016\/03\/23\/omega-el-fuerte-nuevos-cargos-se-le-acusa-de-violencia-de-genero-seduccion-abuso-sicologico-y-sexual\/?c=78901#breadcrumb"},"inLanguage":"es","potentialAction":[{"@type":"ReadAction","target":["https:\/\/laguaguamusical.com\/laguaguamusical_new\/wp\/2016\/03\/23\/omega-el-fuerte-nuevos-cargos-se-le-acusa-de-violencia-de-genero-seduccion-abuso-sicologico-y-sexual\/?c=78901"]}]},{"@type":"BreadcrumbList","@id":"https:\/\/laguaguamusical.com\/laguaguamusical_new\/wp\/2016\/03\/23\/omega-el-fuerte-nuevos-cargos-se-le-acusa-de-violencia-de-genero-seduccion-abuso-sicologico-y-sexual\/?c=78901#breadcrumb","itemListElement":[{"@type":"ListItem","position":1,"name":"Portada","item":"https:\/\/laguaguamusical.com\/laguaguamusical_new\/wp"},{"@type":"ListItem","position":2,"name":"Omega \u201cEl Fuerte\u201d Nuevos Cargos, se le acusa de violencia de g\u00e9nero, seducci\u00f3n, abuso sicol\u00f3gico y sexual"}]},{"@type":"WebSite","@id":"https:\/\/laguaguamusical.com\/laguaguamusical_new\/wp\/#website","url":"https:\/\/laguaguamusical.com\/laguaguamusical_new\/wp\/","name":"La Guagua Musical","description":"La mejor m\u00fasica 24\/7","potentialAction":[{"@type":"SearchAction","target":{"@type":"EntryPoint","urlTemplate":"https:\/\/laguaguamusical.com\/laguaguamusical_new\/wp\/?s={search_term_string}"},"query-input":"required name=search_term_string"}],"inLanguage":"es"},{"@type":"Person","@id":"https:\/\/laguaguamusical.com\/laguaguamusical_new\/wp\/#\/schema\/person\/7bf48ae42a7dab7ddad2cf691687b0f3","name":"La Guagua Musical","image":{"@type":"ImageObject","inLanguage":"es","@id":"https:\/\/laguaguamusical.com\/laguaguamusical_new\/wp\/#\/schema\/person\/image\/","url":"https:\/\/secure.gravatar.com\/avatar\/e08394ba3fb4b83c7bb1669ccbceb200?s=96&d=mm&r=g","contentUrl":"https:\/\/secure.gravatar.com\/avatar\/e08394ba3fb4b83c7bb1669ccbceb200?s=96&d=mm&r=g","caption":"La Guagua Musical"},"url":"https:\/\/laguaguamusical.com\/laguaguamusical_new\/wp\/author\/laguaguamusical"}]}},"_links":{"self":[{"href":"https:\/\/laguaguamusical.com\/laguaguamusical_new\/wp\/wp-json\/wp\/v2\/posts\/253"}],"collection":[{"href":"https:\/\/laguaguamusical.com\/laguaguamusical_new\/wp\/wp-json\/wp\/v2\/posts"}],"about":[{"href":"https:\/\/laguaguamusical.com\/laguaguamusical_new\/wp\/wp-json\/wp\/v2\/types\/post"}],"author":[{"embeddable":true,"href":"https:\/\/laguaguamusical.com\/laguaguamusical_new\/wp\/wp-json\/wp\/v2\/users\/1"}],"replies":[{"embeddable":true,"href":"https:\/\/laguaguamusical.com\/laguaguamusical_new\/wp\/wp-json\/wp\/v2\/comments?post=253"}],"version-history":[{"count":1,"href":"https:\/\/laguaguamusical.com\/laguaguamusical_new\/wp\/wp-json\/wp\/v2\/posts\/253\/revisions"}],"predecessor-version":[{"id":255,"href":"https:\/\/laguaguamusical.com\/laguaguamusical_new\/wp\/wp-json\/wp\/v2\/posts\/253\/revisions\/255"}],"wp:featuredmedia":[{"embeddable":true,"href":"https:\/\/laguaguamusical.com\/laguaguamusical_new\/wp\/wp-json\/wp\/v2\/media\/254"}],"wp:attachment":[{"href":"https:\/\/laguaguamusical.com\/laguaguamusical_new\/wp\/wp-json\/wp\/v2\/media?parent=253"}],"wp:term":[{"taxonomy":"category","embeddable":true,"href":"https:\/\/laguaguamusical.com\/laguaguamusical_new\/wp\/wp-json\/wp\/v2\/categories?post=253"},{"taxonomy":"post_tag","embeddable":true,"href":"https:\/\/laguaguamusical.com\/laguaguamusical_new\/wp\/wp-json\/wp\/v2\/tags?post=253"}],"curies":[{"name":"wp","href":"https:\/\/api.w.org\/{rel}","templated":true}]}}